{"id":123,"date":"2019-04-30T08:05:25","date_gmt":"2019-04-30T08:05:25","guid":{"rendered":"http:\/\/edicioneskraken.com\/wordpress\/?p=123"},"modified":"2019-05-13T10:11:32","modified_gmt":"2019-05-13T10:11:32","slug":"la-ballena-200-anos-de-herman-melville","status":"publish","type":"post","link":"https:\/\/edicioneskraken.com\/wordpress\/2019\/04\/30\/la-ballena-200-anos-de-herman-melville\/","title":{"rendered":"La ballena. 200 a\u00f1os de Herman Melville"},"content":{"rendered":"<blockquote><p>No est\u00e1 marcado en ning\u00fan mapa: los sitios de verdad no lo est\u00e1n nunca.<\/p><\/blockquote>\n<p><img decoding=\"async\" loading=\"lazy\" class=\"size-full wp-image-127 aligncenter\" src=\"http:\/\/edicioneskraken.com\/wordpress\/wp-content\/uploads\/2019\/02\/melville.jpg\" alt=\"\" width=\"654\" height=\"491\" srcset=\"https:\/\/edicioneskraken.com\/wordpress\/wp-content\/uploads\/2019\/02\/melville.jpg 654w, https:\/\/edicioneskraken.com\/wordpress\/wp-content\/uploads\/2019\/02\/melville-300x225.jpg 300w, https:\/\/edicioneskraken.com\/wordpress\/wp-content\/uploads\/2019\/02\/melville-508x381.jpg 508w\" sizes=\"(max-width: 654px) 100vw, 654px\" \/><\/p>\n<p>En este bicentenario del nacimiento de uno de los grandes autores de la literatura universal, aprovechamos para recordar su vida y su obra m\u00e1s emblem\u00e1tica, <em>Moby Dick<\/em>.<\/p>\n<p>La vida de Herman Melville lo oblig\u00f3 a embarcarse desde pronto: despu\u00e9s de trabajar en un banco desde muy joven, obligado a dejar sus estudios por la muerte de su padre, se embarc\u00f3 con los dieciocho a\u00f1os hasta que lleg\u00f3 a su primer ballenero con veintid\u00f3s. Desert\u00f3 un a\u00f1o despu\u00e9s, y acab\u00f3 en una isla de can\u00edbales donde fue\u00a0vendido a otro ballenero. Estuvo encarcelado unos meses por amotinamiento, hasta que acab\u00f3 en su tercer ballenero.\u00a0M\u00e1s tarde, fue marinero raso para la marina, hasta que finalmente pis\u00f3 tierra, tres a\u00f1os y nueve meses despu\u00e9s. Como vio que sus historias triunfaban entre amigos, se decidi\u00f3 a escribir <em>Typee<\/em> y <em>Omoo<\/em>, dos libros de aventuras que le abrieron las puertas a los c\u00edrculos literarios de Nueva York. Se pas\u00f3 un tiempo colaborando en una revista literaria, lo que le permiti\u00f3 leer much\u00edsimas obras, como algunas de Hawthorne que le impactaron profundamente. Con treinta a\u00f1os, despu\u00e9s de dos a\u00f1os sin parar de escribir, public\u00f3 <em>Moby Dick<\/em>, que\u00a0en un futuro lo\u00a0convertir\u00eda en un escritor atemporal, pero que en la \u00e9poca fue un fracaso. Esto le marc\u00f3 para siempre.\u00a0A los cuarenta y siete a\u00f1os, en 1866,\u00a0empez\u00f3 a trabajar como inspector de aduanas hasta que falleci\u00f3, completamente olvidado, en 1891, tanto que\u00a0le llamaron Henry y no Herman en las necrol\u00f3gicas.<\/p>\n<p>Por fortuna, en los a\u00f1os veinte su obra empez\u00f3 a revalorizarse, hasta convertirse en la\u00a0figura reconocida de la literatura universal que es ahora.<\/p>\n<hr \/>\n<p>Llamadme Ismael. As\u00ed comienza <em>Moby Dick<\/em>, esta monumental obra sobre la traves\u00eda de un ballenero en busca de la gran ballena blanca. El capit\u00e1n del barco, Ahab, es un hombre obsesionado con la venganza, porque esta ballena le arranc\u00f3 la pierna, que ahora reemplaza con un trozo de mand\u00edbula de un cachalote.<\/p>\n<p>Considerada una de las grandes obras de la literatura universal, <em>Moby Dick<\/em> es en el fondo una gran met\u00e1fora de la naturaleza humana, de la b\u00fasqueda constante del hombre de algo que siempre se escapa; de la fina l\u00ednea entre el bien y el mal.<\/p>\n<p><img decoding=\"async\" loading=\"lazy\" class=\"size-large wp-image-128 aligncenter\" src=\"http:\/\/edicioneskraken.com\/wordpress\/wp-content\/uploads\/2019\/02\/Moby_blue-819x1024.jpg\" alt=\"\" width=\"600\" height=\"750\" srcset=\"https:\/\/edicioneskraken.com\/wordpress\/wp-content\/uploads\/2019\/02\/Moby_blue-819x1024.jpg 819w, https:\/\/edicioneskraken.com\/wordpress\/wp-content\/uploads\/2019\/02\/Moby_blue-240x300.jpg 240w, https:\/\/edicioneskraken.com\/wordpress\/wp-content\/uploads\/2019\/02\/Moby_blue-768x960.jpg 768w, https:\/\/edicioneskraken.com\/wordpress\/wp-content\/uploads\/2019\/02\/Moby_blue-508x635.jpg 508w, https:\/\/edicioneskraken.com\/wordpress\/wp-content\/uploads\/2019\/02\/Moby_blue.jpg 1000w\" sizes=\"(max-width: 600px) 100vw, 600px\" \/><\/p>\n<p>Una editorial con un nombre como Kraken no pod\u00eda perder la oportunidad de echarse a la mar y pescar para su cat\u00e1logo esta adaptaci\u00f3n al c\u00f3mic de <em>Moby Dick<\/em>, lanzada este mismo a\u00f1o. Janne Toriseva, el autor de esta adaptaci\u00f3n, ha sabido plasmar en im\u00e1genes\u00a0cuidadas\u00a0y en di\u00e1logos directos los muchos matices de la obra original: el simb\u00f3lico Pequod, la ira imborrable en el rostro de Ahab, las dudas de Ismael, la lealtad de Queequeg y el aterrador y misterioso Moby Dick. A diferencia de la obra original, de un marcado car\u00e1cter enciclop\u00e9dico, en esta versi\u00f3n Janne Toriseva vierte toda la parte documental en\u00a0los dibujos, y los di\u00e1logos centran la mayor parte de su atenci\u00f3n en los personajes, su camarader\u00eda y sus enfrentamientos, tanto internos como entre ellos, as\u00ed como en el componente c\u00edclico que envuelve a toda la obra.<\/p>\n<p><img decoding=\"async\" loading=\"lazy\" class=\"size-full wp-image-161 aligncenter\" src=\"http:\/\/edicioneskraken.com\/wordpress\/wp-content\/uploads\/2019\/04\/TheWhale_CAST-163.jpg\" alt=\"\" width=\"459\" height=\"605\" srcset=\"https:\/\/edicioneskraken.com\/wordpress\/wp-content\/uploads\/2019\/04\/TheWhale_CAST-163.jpg 459w, https:\/\/edicioneskraken.com\/wordpress\/wp-content\/uploads\/2019\/04\/TheWhale_CAST-163-228x300.jpg 228w\" sizes=\"(max-width: 459px) 100vw, 459px\" \/><\/p>\n<p>Respetuoso con la obra original pero con libertad para profundizar en la historia, Toriseva nos adentra sin concesiones en la ir\u00f3nica tragedia de esta tripulaci\u00f3n con un destino sellado desde el principio.<\/p>\n<p><img decoding=\"async\" loading=\"lazy\" class=\"size-full wp-image-150 aligncenter\" src=\"http:\/\/edicioneskraken.com\/wordpress\/wp-content\/uploads\/2019\/03\/TheWhale_CAST-161.jpg\" alt=\"\" width=\"486\" height=\"650\" srcset=\"https:\/\/edicioneskraken.com\/wordpress\/wp-content\/uploads\/2019\/03\/TheWhale_CAST-161.jpg 486w, https:\/\/edicioneskraken.com\/wordpress\/wp-content\/uploads\/2019\/03\/TheWhale_CAST-161-224x300.jpg 224w\" sizes=\"(max-width: 486px) 100vw, 486px\" \/><\/p>\n<p><em>La ballena<\/em> se\u00a0public\u00f3 el cinco de abril en toda Espa\u00f1a.<\/p>\n<p>M\u00e1s informaci\u00f3n <a href=\"http:\/\/edicioneskraken.com\/titulos_detalle\/194-la_ballena\">aqu\u00ed<\/a>.<\/p>\n<p><img decoding=\"async\" loading=\"lazy\" class=\"size-large wp-image-151 aligncenter\" src=\"http:\/\/edicioneskraken.com\/wordpress\/wp-content\/uploads\/2019\/03\/CUBIERTA-LA-BALLENA-717x1024.jpg\" alt=\"\" width=\"600\" height=\"857\" srcset=\"https:\/\/edicioneskraken.com\/wordpress\/wp-content\/uploads\/2019\/03\/CUBIERTA-LA-BALLENA-717x1024.jpg 717w, https:\/\/edicioneskraken.com\/wordpress\/wp-content\/uploads\/2019\/03\/CUBIERTA-LA-BALLENA-210x300.jpg 210w, https:\/\/edicioneskraken.com\/wordpress\/wp-content\/uploads\/2019\/03\/CUBIERTA-LA-BALLENA-768x1097.jpg 768w, https:\/\/edicioneskraken.com\/wordpress\/wp-content\/uploads\/2019\/03\/CUBIERTA-LA-BALLENA-508x726.jpg 508w, https:\/\/edicioneskraken.com\/wordpress\/wp-content\/uploads\/2019\/03\/CUBIERTA-LA-BALLENA.jpg 875w\" sizes=\"(max-width: 600px) 100vw, 600px\" \/><\/p>\n","protected":false},"excerpt":{"rendered":"<p>No est\u00e1 marcado en ning\u00fan mapa: los sitios de verdad no lo est\u00e1n nunca. En este bicentenario del nacimiento de uno de los grandes autores de la literatura universal, aprovechamos para recordar su vida y su obra m\u00e1s emblem\u00e1tica, Moby Dick. La vida de Herman Melville lo oblig\u00f3 a embarcarse desde pronto: despu\u00e9s de trabajar&hellip; <\/p>\n","protected":false},"author":1,"featured_media":151,"comment_status":"closed","ping_status":"closed","sticky":false,"template":"","format":"standard","meta":[],"categories":[4],"tags":[12,14,13,11],"_links":{"self":[{"href":"https:\/\/edicioneskraken.com\/wordpress\/wp-json\/wp\/v2\/posts\/123"}],"collection":[{"href":"https:\/\/edicioneskraken.com\/wordpress\/wp-json\/wp\/v2\/posts"}],"about":[{"href":"https:\/\/edicioneskraken.com\/wordpress\/wp-json\/wp\/v2\/types\/post"}],"author":[{"embeddable":true,"href":"https:\/\/edicioneskraken.com\/wordpress\/wp-json\/wp\/v2\/users\/1"}],"replies":[{"embeddable":true,"href":"https:\/\/edicioneskraken.com\/wordpress\/wp-json\/wp\/v2\/comments?post=123"}],"version-history":[{"count":21,"href":"https:\/\/edicioneskraken.com\/wordpress\/wp-json\/wp\/v2\/posts\/123\/revisions"}],"predecessor-version":[{"id":187,"href":"https:\/\/edicioneskraken.com\/wordpress\/wp-json\/wp\/v2\/posts\/123\/revisions\/187"}],"wp:featuredmedia":[{"embeddable":true,"href":"https:\/\/edicioneskraken.com\/wordpress\/wp-json\/wp\/v2\/media\/151"}],"wp:attachment":[{"href":"https:\/\/edicioneskraken.com\/wordpress\/wp-json\/wp\/v2\/media?parent=123"}],"wp:term":[{"taxonomy":"category","embeddable":true,"href":"https:\/\/edicioneskraken.com\/wordpress\/wp-json\/wp\/v2\/categories?post=123"},{"taxonomy":"post_tag","embeddable":true,"href":"https:\/\/edicioneskraken.com\/wordpress\/wp-json\/wp\/v2\/tags?post=123"}],"curies":[{"name":"wp","href":"https:\/\/api.w.org\/{rel}","templated":true}]}}